{"id":10277,"date":"2010-08-22T15:09:19","date_gmt":"2010-08-22T18:09:19","guid":{"rendered":"https:\/\/historiadofutebol.com\/blog\/?p=10277"},"modified":"2014-07-04T18:38:43","modified_gmt":"2014-07-04T21:38:43","slug":"historia-do-campeonato-de-acesso-paulista-cap-xiv","status":"publish","type":"post","link":"https:\/\/historiadofutebol.com\/blog\/?p=10277","title":{"rendered":"Hist\u00f3ria do Campeonato de Acesso Paulista &#8211; Cap. XIV"},"content":{"rendered":"<p style=\"text-align: center;\"><strong>1960: Deu Esportiva de Guar\u00e1!<\/strong><\/p>\n<p>Em 1960 a FPF fez uma profunda reformula\u00e7\u00e3o em seus campeonatos. Mudaram-se as denomina\u00e7\u00f5es dos certames: Especial, que antes era a 1\u00aa Divis\u00e3o; a antiga 2\u00aa Divis\u00e3o passou a se chamar de 1\u00aa Divis\u00e3o; a antiga 3\u00aa Divis\u00e3o era agora a 2\u00aa Divis\u00e3o. Para terminar, o 4\u00ba n\u00edvel era a 3\u00aa Divis\u00e3o.<\/p>\n<p>Deste modo, estabeleceu-se quatro divis\u00f5es com n\u00fameros diferentes de participantes para cada campeonato organizado. Para a Especial, instituiu-se o famigerado &#8220;Torneio da Morte&#8221; que tamb\u00e9m seria adotado para o acesso, que entraria em a\u00e7\u00e3o em 1961. O <strong>Nacional, XV de Ja\u00fa e Comercial<\/strong> <strong>(SP)<\/strong>, que foram rebaixados no ano anterior, iriam figurar na divis\u00e3o de acesso em 1960. Ali\u00e1s, esse foi a \u00faltima incurs\u00e3o do Comercial em certames profissionais. O simp\u00e1tico &#8220;benjamim&#8221; equipe fundada em 1939 encerrou definitivamente as atividades ao t\u00e9rmino desse campeonato. Os <strong>Irm\u00e3os<\/strong> <strong>Romano, <\/strong>que venceu o campeonato da 3\u00aa Divis\u00e3o em 1959 foi o ca\u00e7ula do certame.<\/p>\n<p>Nessa nova fase, a 1\u00aa Divis\u00e3o come\u00e7aria bem &#8220;enxuta&#8221; com apenas 11 agremia\u00e7\u00f5es, as oito que se classificaram para o Torneio dos Finalistas em 1959 (exceto o Corinthians-PP) e as quatro citadas acima. Equipes tradicionais como a <strong>Prudentina<\/strong>, <strong>Barretos<\/strong>, <strong>Jaboticabal<\/strong>, <strong>Paulista<\/strong> e <strong>Tup\u00e3<\/strong>, que sistematicamente vinham disputando o acesso para a divis\u00e3o de elite tiveram que amargar o campeonato da nova 2\u00aa Divis\u00e3o, que a rigor era o certame do 3\u00ba escal\u00e3o.<\/p>\n<p>A Esportiva de <strong>Guaratinguet\u00e1<\/strong>, equipe j\u00e1 extinta, foi a grande campe\u00e3 e laureou-se para fazer parte da Divis\u00e3o Especial no ano seguinte. Foi um campeonato relativamente curto, durou quase cinco meses, mas foi muito disputado entre a <strong>Guaratinguet\u00e1<\/strong>, <strong>Catanduva<\/strong> (equipe tamb\u00e9m j\u00e1 extinta) e <strong>Batatais<\/strong>, o velho &#8220;Fantasma da Mogiana&#8221;. Pela primeira vez adotou-se a forma cl\u00e1ssica e mais justa, que \u00e9 a de pontos corridos, com jogos em turno e returno.<\/p>\n<p>Por\u00e9m a defini\u00e7\u00e3o pela conquista do t\u00edtulo s\u00f3 veio na \u00faltima rodada onde o Catanduva s\u00f3 empatou com a fraca equipe dos Irm\u00e3os Romano e a Guaratinguet\u00e1 goleou o XV de Ja\u00fa. A vit\u00f3ria da equipe de Catanduva lhe daria o acesso.<\/p>\n<p><strong>Classifica\u00e7\u00e3o <\/strong><\/p>\n<table width=\"466\" border=\"0\" cellspacing=\"0\" cellpadding=\"0\">\n<colgroup span=\"1\">\n<col span=\"1\" width=\"77\" \/>\n<col span=\"1\" width=\"133\" \/>\n<col span=\"1\" width=\"30\" \/>\n<col span=\"2\" width=\"28\" \/>\n<col span=\"1\" width=\"25\" \/>\n<col span=\"1\" width=\"23\" \/>\n<col span=\"1\" width=\"30\" \/>\n<col span=\"1\" width=\"27\" \/>\n<col span=\"1\" width=\"34\" \/>\n<col span=\"1\" width=\"31\" \/> <\/colgroup>\n<tbody>\n<tr>\n<td width=\"77\" height=\"17\">Coloca\u00e7\u00e3o<\/td>\n<td width=\"133\">CLUBES<\/td>\n<td width=\"30\">PG<\/td>\n<td width=\"28\">PP<\/td>\n<td width=\"28\">J<\/td>\n<td width=\"25\">V<\/td>\n<td width=\"23\">E<\/td>\n<td width=\"30\">D<\/td>\n<td width=\"27\">GP<\/td>\n<td width=\"34\">GC<\/td>\n<td width=\"31\">S<\/td>\n<\/tr>\n<tr>\n<td height=\"17\">1\u00ba<\/td>\n<td>GUARATINGUET\u00c1<\/td>\n<td>28<\/td>\n<td>12<\/td>\n<td>20<\/td>\n<td>13<\/td>\n<td>2<\/td>\n<td>5<\/td>\n<td>47<\/td>\n<td>23<\/td>\n<td>24<\/td>\n<\/tr>\n<tr>\n<td height=\"17\">2\u00ba<\/td>\n<td>BATATAIS<\/td>\n<td>27<\/td>\n<td>13<\/td>\n<td>20<\/td>\n<td>11<\/td>\n<td>5<\/td>\n<td>4<\/td>\n<td>48<\/td>\n<td>20<\/td>\n<td>28<\/td>\n<\/tr>\n<tr>\n<td height=\"17\">2\u00ba<\/td>\n<td>CATANDUVA<\/td>\n<td>27<\/td>\n<td>13<\/td>\n<td>20<\/td>\n<td>12<\/td>\n<td>3<\/td>\n<td>5<\/td>\n<td>36<\/td>\n<td>24<\/td>\n<td>12<\/td>\n<\/tr>\n<tr>\n<td height=\"17\">4\u00ba<\/td>\n<td>NACIONAL<\/td>\n<td>26<\/td>\n<td>14<\/td>\n<td>20<\/td>\n<td>11<\/td>\n<td>4<\/td>\n<td>5<\/td>\n<td>44<\/td>\n<td>27<\/td>\n<td>17<\/td>\n<\/tr>\n<tr>\n<td height=\"17\">5\u00ba<\/td>\n<td>S\u00c3O BENTO (MAR)<\/td>\n<td>25<\/td>\n<td>15<\/td>\n<td>20<\/td>\n<td>11<\/td>\n<td>3<\/td>\n<td>6<\/td>\n<td>46<\/td>\n<td>31<\/td>\n<td>15<\/td>\n<\/tr>\n<tr>\n<td height=\"17\">5\u00ba<\/td>\n<td>BRAGANTINO<\/td>\n<td>23<\/td>\n<td>17<\/td>\n<td>20<\/td>\n<td>8<\/td>\n<td>7<\/td>\n<td>5<\/td>\n<td>29<\/td>\n<td>27<\/td>\n<td>2<\/td>\n<\/tr>\n<tr>\n<td height=\"17\">7\u00ba<\/td>\n<td>IRM\u00c3OS ROMANO<\/td>\n<td>16<\/td>\n<td>24<\/td>\n<td>20<\/td>\n<td>5<\/td>\n<td>6<\/td>\n<td>9<\/td>\n<td>24<\/td>\n<td>27<\/td>\n<td>-3<\/td>\n<\/tr>\n<tr>\n<td height=\"17\">7\u00ba<\/td>\n<td>S\u00c3O BENTO (SOR)<\/td>\n<td>16<\/td>\n<td>24<\/td>\n<td>20<\/td>\n<td>5<\/td>\n<td>6<\/td>\n<td>9<\/td>\n<td>30<\/td>\n<td>37<\/td>\n<td>-7<\/td>\n<\/tr>\n<tr>\n<td height=\"17\">9\u00ba<\/td>\n<td>XV DE JA\u00da<\/td>\n<td>14<\/td>\n<td>26<\/td>\n<td>20<\/td>\n<td>5<\/td>\n<td>4<\/td>\n<td>11<\/td>\n<td>28<\/td>\n<td>47<\/td>\n<td>-19<\/td>\n<\/tr>\n<tr>\n<td height=\"17\">10\u00ba<\/td>\n<td>ESTRELA DA SA\u00daDE<\/td>\n<td>10<\/td>\n<td>30<\/td>\n<td>20<\/td>\n<td>3<\/td>\n<td>4<\/td>\n<td>13<\/td>\n<td>20<\/td>\n<td>58<\/td>\n<td>-38<\/td>\n<\/tr>\n<tr>\n<td height=\"17\">11\u00ba<\/td>\n<td>COMERCIAL (SP)<\/td>\n<td>8<\/td>\n<td>32<\/td>\n<td>20<\/td>\n<td>2<\/td>\n<td>4<\/td>\n<td>14<\/td>\n<td>17<\/td>\n<td>48<\/td>\n<td>-31<\/td>\n<\/tr>\n<tr>\n<td colspan=\"2\" height=\"17\">JOGOS REALIZADOS<\/td>\n<td>110<\/td>\n<td><\/td>\n<td><\/td>\n<td><\/td>\n<td><\/td>\n<td><\/td>\n<td><\/td>\n<td><\/td>\n<td><\/td>\n<\/tr>\n<tr>\n<td colspan=\"2\" height=\"17\">GOLS ASSINALADOS<\/td>\n<td>369<\/td>\n<td><\/td>\n<td><\/td>\n<td><\/td>\n<td><\/td>\n<td><\/td>\n<td><\/td>\n<td><\/td>\n<td><\/td>\n<\/tr>\n<tr>\n<td colspan=\"2\" height=\"17\">M\u00c9DIA DE GOLS POR JOGO<\/td>\n<td>3,4<\/td>\n<td><\/td>\n<td><\/td>\n<td><\/td>\n<td><\/td>\n<td><\/td>\n<td><\/td>\n<td><\/td>\n<td><\/td>\n<\/tr>\n<\/tbody>\n<\/table>\n<p class=\"MsoNormal\" style=\"margin: 0cm 0cm 0pt;\"><span style=\"font-family: Arial;\"><span style=\"font-size: x-small;\">Jogo que decidiu o campeonato:<\/span><\/span><\/p>\n<p class=\"MsoNormal\" style=\"margin: 0cm 0cm 0pt;\"><span style=\"font-family: Arial;\"><span style=\"font-size: x-small;\">Guaratinguet\u00e1 5 x 0 XV de Ja\u00fa<\/span><\/span><\/p>\n<p class=\"MsoNormal\" style=\"margin: 0cm 0cm 0pt;\"><span style=\"font-family: Arial;\"><span style=\"font-size: x-small;\">Data: 30\/10\/1960<\/span><\/span><\/p>\n<p class=\"MsoNormal\" style=\"margin: 0cm 0cm 0pt;\"><span style=\"font-family: Arial;\"><span style=\"font-size: x-small;\">Local: \u201cEst\u00e1dio Benedito Meireles\u201d em Guaratinguet\u00e1<\/span><\/span><\/p>\n<p class=\"MsoNormal\" style=\"margin: 0cm 0cm 0pt;\"><span style=\"font-family: Arial;\"><span style=\"font-size: x-small;\">\u00c1rbitro: W\u00e1lter Galera<\/span><\/span><\/p>\n<p class=\"MsoNormal\" style=\"margin: 0cm 0cm 0pt;\"><span style=\"font-family: Arial;\"><span style=\"font-size: x-small;\">Renda: N\u00e3o divulgada<\/span><\/span><\/p>\n<p class=\"MsoNormal\" style=\"margin: 0cm 0cm 0pt;\"><span style=\"font-family: Arial;\"><span style=\"font-size: x-small;\">Gols: Tupi, Alcino, Lucas (2) e Marucci.<\/span><\/span><\/p>\n<p class=\"MsoNormal\" style=\"margin: 0cm 0cm 0pt;\"><span style=\"font-size: x-small;\"><span style=\"text-decoration: underline;\"><span style=\"font-family: Arial;\">Guaratinguet\u00e1<\/span><\/span><span style=\"font-family: Arial;\">: Raul Costa; Canind\u00e9, Bolar e Tupi; Carlito e Da\u00edco; Marucci, Ditinho, Matias, Lucas e Alcino. T\u00e9cnico: Adelmo Pelegrino Begliomini<\/span><\/span><\/p>\n<p class=\"MsoNormal\" style=\"margin: 0cm 0cm 0pt;\"><span style=\"font-size: x-small;\"><span style=\"text-decoration: underline;\"><span style=\"font-family: Arial;\">XV de Ja\u00fa<\/span><\/span><span style=\"font-family: Arial;\">: Cl\u00e1udio; Edmundo, Dino e Osny; Valter Marinho e Moretto; Valtinho, Valdir, Zuringue, Ad\u00e3ozinho e David. T\u00e9cnico: nd<\/span><\/span><\/p>\n<p class=\"MsoNormal\" style=\"margin: 0cm 0cm 0pt;\">\n<p>&nbsp;<\/p>\n<p class=\"MsoNormal\" style=\"margin: 0cm 0cm 0pt;\"><span style=\"font-family: Arial;\">Campanha do Campe\u00e3o<\/span><\/p>\n<p class=\"MsoNormal\" style=\"margin: 0cm 0cm 0pt;\"><em style=\"mso-bidi-font-style: normal;\"><span style=\"font-family: Arial;\">1\u00ba turno<\/span><\/em><span style=\"font-family: Arial;\"><em style=\"mso-bidi-font-style: normal;\">2\u00ba turno<\/em><\/span><\/p>\n<p class=\"MsoNormal\" style=\"margin: 0cm 0cm 0pt;\"><span style=\"font-family: Arial;\">5\/06\/60: Guaratinguet\u00e1 4 x 1 Bragantino21\/08\/60: Guaratinguet\u00e1 2 x 0 Irm\u00e3os Romano<\/span><\/p>\n<h2 style=\"margin: 0cm 0cm 0pt;\"><span style=\"font-family: Arial; font-size: 10pt;\">19\/06\/60: Irm\u00e3os Romano 1 x 2 Guaratinguet\u00e128\/08\/60: Catanduva 1 x 0 Guaratinguet\u00e1<\/span><\/h2>\n<p class=\"MsoNormal\" style=\"margin: 0cm 0cm 0pt;\"><span style=\"font-family: Arial;\">26\/06\/60: Guaratinguet\u00e1 2 x 1 S\u00e3o Bento (Sor)3\/09\/60: Guaratinguet\u00e1 2 x 1 S\u00e3o Bento (Mar)<\/span><\/p>\n<p class=\"MsoNormal\" style=\"margin: 0cm 0cm 0pt;\"><span style=\"font-family: Arial;\">2\/07\/60: Nacional 1 x 1 Guaratinguet\u00e117\/09\/60: S\u00e3o Bento (Sor) 3 x 1 Guaratinguet\u00e1<\/span><\/p>\n<p class=\"MsoNormal\" style=\"margin: 0cm 0cm 0pt;\"><span style=\"font-family: Arial;\">10\/07\/60: Guaratinguet\u00e1 5 x 1 Estrela da Sa\u00fade25\/09\/60: Guaratinguet\u00e1 4 x 1 Nacional<\/span><\/p>\n<p class=\"MsoNormal\" style=\"margin: 0cm 0cm 0pt;\"><span style=\"font-family: Arial;\">17\/07\/60: S\u00e3o Bento (Mar) 2 x 1 Guaratinguet\u00e11\/10\/60: Comercial (SP) 1 x 2 Guaratinguet\u00e1<\/span><\/p>\n<p class=\"MsoNormal\" style=\"margin: 0cm 0cm 0pt;\"><span style=\"font-family: Arial;\">24\/07\/60: Guaratinguet\u00e1 3 x 1 Catanduva9\/10\/60: Bragantino 2 x 1 Guaratinguet\u00e1<\/span><\/p>\n<p class=\"MsoNormal\" style=\"margin: 0cm 0cm 0pt;\"><span style=\"font-family: Arial;\">31\/07\/60: Batatais 3 x 1 Guaratinguet\u00e116\/10\/60: Guaratinguet\u00e1 2 x 0 Batatais<\/span><\/p>\n<p class=\"MsoNormal\" style=\"margin: 0cm 0cm 0pt;\"><span style=\"font-family: Arial;\">7\/08\/60: Guaratinguet\u00e1 5 x 1 Comercial (SP)23\/10\/60: Estrela da Sa\u00fade 0 x 3 Guaratinguet\u00e1<\/span><\/p>\n<p class=\"MsoNormal\" style=\"margin: 0cm 0cm 0pt;\"><span style=\"font-family: Arial;\">14\/08\/60: XV de Novembro 2 x 2 Guaratinguet\u00e130\/10\/60: Guaratinguet\u00e1 5 x 0 XV de Novembro<\/span><\/p>\n<p>Balan\u00e7o Geral: Jogos: 20; Vit\u00f3rias: 13; Empates: 5; Derrotas: 2; Gols marcados: 47; Gols sofridos: 23,<\/p>\n<p>Saldo: 24.<\/p>\n<p class=\"MsoNormal\" style=\"margin: 0cm 0cm 0pt;\"><a href=\"https:\/\/historiadofutebol.com\/blog\/wp-content\/uploads\/2010\/08\/Esportiva-60-12.jpg\"><img loading=\"lazy\" decoding=\"async\" class=\"alignnone size-medium wp-image-10286\" title=\"Esportiva 60 (1)\" src=\"https:\/\/historiadofutebol.com\/blog\/wp-content\/uploads\/2010\/08\/Esportiva-60-12-300x206.jpg\" alt=\"Esportiva 60 (1)\" width=\"300\" height=\"206\" srcset=\"https:\/\/historiadofutebol.com\/blog\/wp-content\/uploads\/2010\/08\/Esportiva-60-12-300x206.jpg 300w, https:\/\/historiadofutebol.com\/blog\/wp-content\/uploads\/2010\/08\/Esportiva-60-12-500x344.jpg 500w, https:\/\/historiadofutebol.com\/blog\/wp-content\/uploads\/2010\/08\/Esportiva-60-12.jpg 1079w\" sizes=\"auto, (max-width: 300px) 100vw, 300px\" \/><\/a><\/p>\n<p class=\"MsoNormal\" style=\"text-align: center; margin: 0cm 0cm 0pt;\" align=\"center\"><span style=\"font-family: Arial; font-size: 8pt; mso-bidi-font-size: 10.0pt;\">Em p\u00e9 da esq. p\/ direita: Canind\u00e9, Raul Costa, Bolar, Carlito, Tupi e Da\u00edco.<\/span><\/p>\n<p class=\"MsoNormal\" style=\"margin: 0cm 0cm 0pt;\"><span style=\"font-family: Arial; font-size: 8pt; mso-fareast-font-family: 'Times New Roman'; mso-fareast-language: PT-BR; mso-ansi-language: PT-BR; mso-bidi-language: AR-SA; mso-bidi-font-size: 10.0pt;\">Agachados na mesma ordem: Marucci, Ditinho, Berto, Alcino e Benedito<\/span><\/p>\n<p>Trabalho in\u00e9dito que contou com a colabora\u00e7\u00e3o do J\u00falio Diogo<\/p>\n","protected":false},"excerpt":{"rendered":"<p>1960: Deu Esportiva de Guar\u00e1! Em 1960 a FPF fez uma profunda reformula\u00e7\u00e3o em seus campeonatos. Mudaram-se as denomina\u00e7\u00f5es dos certames: Especial, que antes era a 1\u00aa Divis\u00e3o; a antiga 2\u00aa Divis\u00e3o passou a se chamar de 1\u00aa Divis\u00e3o; a antiga 3\u00aa Divis\u00e3o era agora a 2\u00aa Divis\u00e3o. Para terminar, o 4\u00ba n\u00edvel era a [&hellip;]<\/p>\n","protected":false},"author":28,"featured_media":0,"comment_status":"open","ping_status":"closed","sticky":false,"template":"","format":"standard","meta":{"footnotes":""},"categories":[128,51],"tags":[],"class_list":["post-10277","post","type-post","status-publish","format-standard","hentry","category-marcos-galves-moreira","category-sao-paulo"],"_links":{"self":[{"href":"https:\/\/historiadofutebol.com\/blog\/index.php?rest_route=\/wp\/v2\/posts\/10277","targetHints":{"allow":["GET"]}}],"collection":[{"href":"https:\/\/historiadofutebol.com\/blog\/index.php?rest_route=\/wp\/v2\/posts"}],"about":[{"href":"https:\/\/historiadofutebol.com\/blog\/index.php?rest_route=\/wp\/v2\/types\/post"}],"author":[{"embeddable":true,"href":"https:\/\/historiadofutebol.com\/blog\/index.php?rest_route=\/wp\/v2\/users\/28"}],"replies":[{"embeddable":true,"href":"https:\/\/historiadofutebol.com\/blog\/index.php?rest_route=%2Fwp%2Fv2%2Fcomments&post=10277"}],"version-history":[{"count":8,"href":"https:\/\/historiadofutebol.com\/blog\/index.php?rest_route=\/wp\/v2\/posts\/10277\/revisions"}],"predecessor-version":[{"id":10285,"href":"https:\/\/historiadofutebol.com\/blog\/index.php?rest_route=\/wp\/v2\/posts\/10277\/revisions\/10285"}],"wp:attachment":[{"href":"https:\/\/historiadofutebol.com\/blog\/index.php?rest_route=%2Fwp%2Fv2%2Fmedia&parent=10277"}],"wp:term":[{"taxonomy":"category","embeddable":true,"href":"https:\/\/historiadofutebol.com\/blog\/index.php?rest_route=%2Fwp%2Fv2%2Fcategories&post=10277"},{"taxonomy":"post_tag","embeddable":true,"href":"https:\/\/historiadofutebol.com\/blog\/index.php?rest_route=%2Fwp%2Fv2%2Ftags&post=10277"}],"curies":[{"name":"wp","href":"https:\/\/api.w.org\/{rel}","templated":true}]}}