{"id":101822,"date":"2017-02-20T00:54:33","date_gmt":"2017-02-20T03:54:33","guid":{"rendered":"https:\/\/historiadofutebol.com\/blog\/?p=101822"},"modified":"2017-02-20T00:54:33","modified_gmt":"2017-02-20T03:54:33","slug":"amistoso-estadual-de-1922-frigorifico-ac-rj-3-x-6-yolanda-fc-rj","status":"publish","type":"post","link":"https:\/\/historiadofutebol.com\/blog\/?p=101822","title":{"rendered":"Amistoso Estadual, de 1922: Frigorifico AC (RJ)  3   x   6   Yolanda FC (RJ)"},"content":{"rendered":"<p><img loading=\"lazy\" decoding=\"async\" class=\"aligncenter size-large wp-image-101823\" title=\"09\" src=\"https:\/\/historiadofutebol.com\/blog\/wp-content\/uploads\/2017\/02\/093-500x124.jpg\" alt=\"\" width=\"500\" height=\"124\" srcset=\"https:\/\/historiadofutebol.com\/blog\/wp-content\/uploads\/2017\/02\/093-500x124.jpg 500w, https:\/\/historiadofutebol.com\/blog\/wp-content\/uploads\/2017\/02\/093-300x74.jpg 300w\" sizes=\"auto, (max-width: 500px) 100vw, 500px\" \/><\/p>\n<p><strong>FRIGOR\u00cdFICO AC (RJ)\u00a0\u00a0\u00a0\u00a0\u00a0\u00a0 3\u00a0\u00a0\u00a0\u00a0\u00a0\u00a0 X\u00a0\u00a0\u00a0\u00a0\u00a0\u00a0 6\u00a0\u00a0\u00a0\u00a0\u00a0\u00a0 YOLANDA FC (RJ)<\/strong><\/p>\n<p><strong>LOCAL:<\/strong> Est\u00e1dio Z\u00e9 Magro, em Mendes (RJ)<\/p>\n<p><strong>DATA:<\/strong> Domingo, no dia 13 de agosto de 1922<\/p>\n<p><strong>CARATER:<\/strong> Amistoso Estadual<\/p>\n<p><strong>HOR\u00c1RIO:<\/strong> 16 horas<\/p>\n<p><strong>FRIGOR\u00cdFICO: <\/strong>Alcides; Santos e Nestor; Jo\u00e3o I, Pecego, Nelson e Esperan\u00e7a; \u00c1lvaro, Urbino, Jo\u00e3o II e J. Benedicto.<\/p>\n<p><strong>YOLANDA<\/strong><em><strong>:<\/strong><\/em>\u00a0<em>Rosas; Pipio e Virgilio; Arlindo, J. Silva e Tito; Mario, Nelson, Severo, Eduardo e Non\u00f4.<\/em><\/p>\n<p><strong>GOLS:<\/strong> Urbino aos 18 e 20 minutos (Frigor\u00edfico); J. Benedicto aos 30 minutos (Frigor\u00edfico); Eduardo aos 37 e 46 minutos (Yolanda); <em>Severo <\/em>aos 39 minutos (Yolanda), no 1\u00ba Tempo. Eduardo aos sete minutos (Yolanda); Nelson aos 36 e 40 minutos (Yolanda);<\/p>\n<p><strong>PRELIMINAR (Segundos times) &#8211; 14 horas:<\/strong> FRIGOR\u00cdFICO\u00a0\u00a0\u00a0\u00a0\u00a0\u00a0\u00a0\u00a0 1\u00a0\u00a0\u00a0\u00a0\u00a0\u00a0 X\u00a0\u00a0\u00a0\u00a0\u00a0\u00a0 5 \u00a0\u00a0\u00a0\u00a0\u00a0\u00a0\u00a0\u00a0 YOLANDA<\/p>\n<p><img loading=\"lazy\" decoding=\"async\" class=\"aligncenter size-full wp-image-101824\" title=\"13-08-1922 PAG. 13\" src=\"https:\/\/historiadofutebol.com\/blog\/wp-content\/uploads\/2017\/02\/13-08-1922-PAG.-131.jpg\" alt=\"\" width=\"2840\" height=\"4036\" srcset=\"https:\/\/historiadofutebol.com\/blog\/wp-content\/uploads\/2017\/02\/13-08-1922-PAG.-131.jpg 2840w, https:\/\/historiadofutebol.com\/blog\/wp-content\/uploads\/2017\/02\/13-08-1922-PAG.-131-211x300.jpg 211w, https:\/\/historiadofutebol.com\/blog\/wp-content\/uploads\/2017\/02\/13-08-1922-PAG.-131-351x500.jpg 351w, https:\/\/historiadofutebol.com\/blog\/wp-content\/uploads\/2017\/02\/13-08-1922-PAG.-131-300x426.jpg 300w\" sizes=\"auto, (max-width: 2840px) 100vw, 2840px\" \/><\/p>\n<p><img loading=\"lazy\" decoding=\"async\" class=\"aligncenter size-full wp-image-101825\" title=\"13-08-1922 PAG. 14\" src=\"https:\/\/historiadofutebol.com\/blog\/wp-content\/uploads\/2017\/02\/13-08-1922-PAG.-141.jpg\" alt=\"\" width=\"2804\" height=\"4072\" srcset=\"https:\/\/historiadofutebol.com\/blog\/wp-content\/uploads\/2017\/02\/13-08-1922-PAG.-141.jpg 2804w, https:\/\/historiadofutebol.com\/blog\/wp-content\/uploads\/2017\/02\/13-08-1922-PAG.-141-206x300.jpg 206w, https:\/\/historiadofutebol.com\/blog\/wp-content\/uploads\/2017\/02\/13-08-1922-PAG.-141-344x500.jpg 344w, https:\/\/historiadofutebol.com\/blog\/wp-content\/uploads\/2017\/02\/13-08-1922-PAG.-141-300x435.jpg 300w\" sizes=\"auto, (max-width: 2804px) 100vw, 2804px\" \/><\/p>\n<p><img loading=\"lazy\" decoding=\"async\" class=\"aligncenter size-full wp-image-101826\" title=\"13-08-1922 PAG. 15\" src=\"https:\/\/historiadofutebol.com\/blog\/wp-content\/uploads\/2017\/02\/13-08-1922-PAG.-15.jpg\" alt=\"\" width=\"2816\" height=\"4176\" srcset=\"https:\/\/historiadofutebol.com\/blog\/wp-content\/uploads\/2017\/02\/13-08-1922-PAG.-15.jpg 2816w, https:\/\/historiadofutebol.com\/blog\/wp-content\/uploads\/2017\/02\/13-08-1922-PAG.-15-202x300.jpg 202w, https:\/\/historiadofutebol.com\/blog\/wp-content\/uploads\/2017\/02\/13-08-1922-PAG.-15-337x500.jpg 337w, https:\/\/historiadofutebol.com\/blog\/wp-content\/uploads\/2017\/02\/13-08-1922-PAG.-15-300x444.jpg 300w\" sizes=\"auto, (max-width: 2816px) 100vw, 2816px\" \/><\/p>\n<p><img loading=\"lazy\" decoding=\"async\" class=\"aligncenter size-full wp-image-101827\" title=\"13-08-1922 PAG. 16\" src=\"https:\/\/historiadofutebol.com\/blog\/wp-content\/uploads\/2017\/02\/13-08-1922-PAG.-16.jpg\" alt=\"\" width=\"2812\" height=\"4016\" srcset=\"https:\/\/historiadofutebol.com\/blog\/wp-content\/uploads\/2017\/02\/13-08-1922-PAG.-16.jpg 2812w, https:\/\/historiadofutebol.com\/blog\/wp-content\/uploads\/2017\/02\/13-08-1922-PAG.-16-210x300.jpg 210w, https:\/\/historiadofutebol.com\/blog\/wp-content\/uploads\/2017\/02\/13-08-1922-PAG.-16-350x500.jpg 350w, https:\/\/historiadofutebol.com\/blog\/wp-content\/uploads\/2017\/02\/13-08-1922-PAG.-16-300x428.jpg 300w\" sizes=\"auto, (max-width: 2812px) 100vw, 2812px\" \/><br clear=\"all\" \/> <strong><em>FONTE:<\/em><\/strong><em> Revista Suburbana<\/em><\/p>\n","protected":false},"excerpt":{"rendered":"<p>FRIGOR\u00cdFICO AC (RJ)\u00a0\u00a0\u00a0\u00a0\u00a0\u00a0 3\u00a0\u00a0\u00a0\u00a0\u00a0\u00a0 X\u00a0\u00a0\u00a0\u00a0\u00a0\u00a0 6\u00a0\u00a0\u00a0\u00a0\u00a0\u00a0 YOLANDA FC (RJ) LOCAL: Est\u00e1dio Z\u00e9 Magro, em Mendes (RJ) DATA: Domingo, no dia 13 de agosto de 1922 CARATER: Amistoso Estadual HOR\u00c1RIO: 16 horas FRIGOR\u00cdFICO: Alcides; Santos e Nestor; Jo\u00e3o I, Pecego, Nelson e Esperan\u00e7a; \u00c1lvaro, Urbino, Jo\u00e3o II e J. Benedicto. YOLANDA:\u00a0Rosas; Pipio e Virgilio; Arlindo, J. [&hellip;]<\/p>\n","protected":false},"author":55,"featured_media":0,"comment_status":"open","ping_status":"closed","sticky":false,"template":"","format":"standard","meta":{"footnotes":""},"categories":[203,189,531,83,59,345,3,47,76],"tags":[],"class_list":["post-101822","post","type-post","status-publish","format-standard","hentry","category-sergio-mello","category-toninho-sereno","category-carencias","category-x9-curiosidades","category-escudos","category-fotos-historicas","category-historia-do-futebol","category-rio-de-janeiro","category-antigo-estado-do-rio"],"_links":{"self":[{"href":"https:\/\/historiadofutebol.com\/blog\/index.php?rest_route=\/wp\/v2\/posts\/101822","targetHints":{"allow":["GET"]}}],"collection":[{"href":"https:\/\/historiadofutebol.com\/blog\/index.php?rest_route=\/wp\/v2\/posts"}],"about":[{"href":"https:\/\/historiadofutebol.com\/blog\/index.php?rest_route=\/wp\/v2\/types\/post"}],"author":[{"embeddable":true,"href":"https:\/\/historiadofutebol.com\/blog\/index.php?rest_route=\/wp\/v2\/users\/55"}],"replies":[{"embeddable":true,"href":"https:\/\/historiadofutebol.com\/blog\/index.php?rest_route=%2Fwp%2Fv2%2Fcomments&post=101822"}],"version-history":[{"count":1,"href":"https:\/\/historiadofutebol.com\/blog\/index.php?rest_route=\/wp\/v2\/posts\/101822\/revisions"}],"predecessor-version":[{"id":101828,"href":"https:\/\/historiadofutebol.com\/blog\/index.php?rest_route=\/wp\/v2\/posts\/101822\/revisions\/101828"}],"wp:attachment":[{"href":"https:\/\/historiadofutebol.com\/blog\/index.php?rest_route=%2Fwp%2Fv2%2Fmedia&parent=101822"}],"wp:term":[{"taxonomy":"category","embeddable":true,"href":"https:\/\/historiadofutebol.com\/blog\/index.php?rest_route=%2Fwp%2Fv2%2Fcategories&post=101822"},{"taxonomy":"post_tag","embeddable":true,"href":"https:\/\/historiadofutebol.com\/blog\/index.php?rest_route=%2Fwp%2Fv2%2Ftags&post=101822"}],"curies":[{"name":"wp","href":"https:\/\/api.w.org\/{rel}","templated":true}]}}