{"id":10158,"date":"2010-08-18T00:24:55","date_gmt":"2010-08-18T03:24:55","guid":{"rendered":"https:\/\/historiadofutebol.com\/blog\/?p=10158"},"modified":"2010-08-18T00:24:55","modified_gmt":"2010-08-18T03:24:55","slug":"potyguar-briga-por-vaga-na-segundona","status":"publish","type":"post","link":"https:\/\/historiadofutebol.com\/blog\/?p=10158","title":{"rendered":"POTYGUAR BRIGA POR VAGA NA SEGUNDONA"},"content":{"rendered":"<p>A Federa\u00e7\u00e3o Norteriograndense de Futebol definiu o Campeonato da segunda divis\u00e3o e o Conselho Arbitral entendeu que o Potyguar de Currais Novos n\u00e3o pode participar do campeonato em 2010, por ter sido rebaixado neste mesmo ano, ferindo assim o regulamento.\u00a0 \u00a0<img loading=\"lazy\" decoding=\"async\" class=\"alignleft size-full wp-image-10157\" title=\"potyguarseridoense\" src=\"https:\/\/historiadofutebol.com\/blog\/wp-content\/uploads\/2010\/08\/potyguarseridoense.gif\" alt=\"potyguarseridoense\" width=\"74\" height=\"71\" \/>O presidente do Potyguar, Ant\u00f4nio Marcos Merica, imediatamente constituiu advogado para entrar na justi\u00e7a em busca do direito de participar. O clube alega que de acordo com o estatuto do torcedor este direito lhe \u00e9 devido. Outro descumprimento seria o convite para ABC e Am\u00e9rica participarem da 2\u00aa divis\u00e3o. O Campeonato ainda n\u00e3o come\u00e7ou e j\u00e1 vai freq\u00fcentar os tribunais.<\/p>\n","protected":false},"excerpt":{"rendered":"<p>A Federa\u00e7\u00e3o Norteriograndense de Futebol definiu o Campeonato da segunda divis\u00e3o e o Conselho Arbitral entendeu que o Potyguar de Currais Novos n\u00e3o pode participar do campeonato em 2010, por ter sido rebaixado neste mesmo ano, ferindo assim o regulamento.\u00a0 \u00a0O presidente do Potyguar, Ant\u00f4nio Marcos Merica, imediatamente constituiu advogado para entrar na justi\u00e7a em [&hellip;]<\/p>\n","protected":false},"author":33,"featured_media":0,"comment_status":"open","ping_status":"closed","sticky":false,"template":"","format":"standard","meta":{"footnotes":""},"categories":[111,45],"tags":[],"class_list":["post-10158","post","type-post","status-publish","format-standard","hentry","category-ricardo-amaral","category-rg-do-norte"],"_links":{"self":[{"href":"https:\/\/historiadofutebol.com\/blog\/index.php?rest_route=\/wp\/v2\/posts\/10158","targetHints":{"allow":["GET"]}}],"collection":[{"href":"https:\/\/historiadofutebol.com\/blog\/index.php?rest_route=\/wp\/v2\/posts"}],"about":[{"href":"https:\/\/historiadofutebol.com\/blog\/index.php?rest_route=\/wp\/v2\/types\/post"}],"author":[{"embeddable":true,"href":"https:\/\/historiadofutebol.com\/blog\/index.php?rest_route=\/wp\/v2\/users\/33"}],"replies":[{"embeddable":true,"href":"https:\/\/historiadofutebol.com\/blog\/index.php?rest_route=%2Fwp%2Fv2%2Fcomments&post=10158"}],"version-history":[{"count":1,"href":"https:\/\/historiadofutebol.com\/blog\/index.php?rest_route=\/wp\/v2\/posts\/10158\/revisions"}],"predecessor-version":[{"id":10159,"href":"https:\/\/historiadofutebol.com\/blog\/index.php?rest_route=\/wp\/v2\/posts\/10158\/revisions\/10159"}],"wp:attachment":[{"href":"https:\/\/historiadofutebol.com\/blog\/index.php?rest_route=%2Fwp%2Fv2%2Fmedia&parent=10158"}],"wp:term":[{"taxonomy":"category","embeddable":true,"href":"https:\/\/historiadofutebol.com\/blog\/index.php?rest_route=%2Fwp%2Fv2%2Fcategories&post=10158"},{"taxonomy":"post_tag","embeddable":true,"href":"https:\/\/historiadofutebol.com\/blog\/index.php?rest_route=%2Fwp%2Fv2%2Ftags&post=10158"}],"curies":[{"name":"wp","href":"https:\/\/api.w.org\/{rel}","templated":true}]}}