{"id":101570,"date":"2017-02-17T20:12:29","date_gmt":"2017-02-17T22:12:29","guid":{"rendered":"https:\/\/historiadofutebol.com\/blog\/?p=101570"},"modified":"2017-02-21T20:53:24","modified_gmt":"2017-02-21T23:53:24","slug":"foto-rara-de-1969-nacional-esporte-clube-sao-pedro-da-aldeia-rj","status":"publish","type":"post","link":"https:\/\/historiadofutebol.com\/blog\/?p=101570","title":{"rendered":"Foto Rara, de 1969: Nacional Esporte Clube &#8211; S\u00e3o Pedro da Aldeia (RJ)"},"content":{"rendered":"<p><img loading=\"lazy\" decoding=\"async\" class=\"aligncenter size-large wp-image-101573\" title=\"00\" src=\"https:\/\/historiadofutebol.com\/blog\/wp-content\/uploads\/2017\/02\/0041-500x311.jpg\" alt=\"\" width=\"500\" height=\"311\" srcset=\"https:\/\/historiadofutebol.com\/blog\/wp-content\/uploads\/2017\/02\/0041-500x311.jpg 500w, https:\/\/historiadofutebol.com\/blog\/wp-content\/uploads\/2017\/02\/0041-300x186.jpg 300w, https:\/\/historiadofutebol.com\/blog\/wp-content\/uploads\/2017\/02\/0041.jpg 1028w\" sizes=\"auto, (max-width: 500px) 100vw, 500px\" \/><\/p>\n<p>O <strong>Nacional Esporte Clube<\/strong> foi uma agremia\u00e7\u00e3o da cidade de S\u00e3o Pedro da Aldeia (RJ). A sua <strong><em>sede<\/em><\/strong> ficava no <em>Bairro Ponta do Ambr\u00f3sio<\/em>, em S\u00e3o Pedro da Aldeia. Foi <strong>Fundado na quarta-feira, do dia 10 de Maio de 1961<\/strong>. Na foto abaixo, o time posado do <strong>Nacional<\/strong>, que foi <strong><em>Campe\u00e3o do Campeonato Citadino de S\u00e3o Pedro da Aldeia de 1968<\/em><\/strong>.<\/p>\n<p><img loading=\"lazy\" decoding=\"async\" class=\"aligncenter size-full wp-image-101571\" title=\"12\" src=\"https:\/\/historiadofutebol.com\/blog\/wp-content\/uploads\/2017\/02\/12.jpg\" alt=\"\" width=\"960\" height=\"807\" srcset=\"https:\/\/historiadofutebol.com\/blog\/wp-content\/uploads\/2017\/02\/12.jpg 960w, https:\/\/historiadofutebol.com\/blog\/wp-content\/uploads\/2017\/02\/12-300x252.jpg 300w, https:\/\/historiadofutebol.com\/blog\/wp-content\/uploads\/2017\/02\/12-500x420.jpg 500w\" sizes=\"auto, (max-width: 960px) 100vw, 960px\" \/><\/p>\n<p><img loading=\"lazy\" decoding=\"async\" class=\"aligncenter size-full wp-image-101572\" title=\"13\" src=\"https:\/\/historiadofutebol.com\/blog\/wp-content\/uploads\/2017\/02\/13.jpg\" alt=\"\" width=\"960\" height=\"720\" srcset=\"https:\/\/historiadofutebol.com\/blog\/wp-content\/uploads\/2017\/02\/13.jpg 960w, https:\/\/historiadofutebol.com\/blog\/wp-content\/uploads\/2017\/02\/13-300x225.jpg 300w, https:\/\/historiadofutebol.com\/blog\/wp-content\/uploads\/2017\/02\/13-500x375.jpg 500w\" sizes=\"auto, (max-width: 960px) 100vw, 960px\" \/><\/p>\n<p><strong><em>FONTE:<\/em><\/strong> <em>Acervo de\u00a0Marcel\u00e3o, Marcelo Santos, ex-goleiro da Cabofriense<\/em><\/p>\n","protected":false},"excerpt":{"rendered":"<p>O Nacional Esporte Clube foi uma agremia\u00e7\u00e3o da cidade de S\u00e3o Pedro da Aldeia (RJ). A sua sede ficava no Bairro Ponta do Ambr\u00f3sio, em S\u00e3o Pedro da Aldeia. Foi Fundado na quarta-feira, do dia 10 de Maio de 1961. Na foto abaixo, o time posado do Nacional, que foi Campe\u00e3o do Campeonato Citadino de [&hellip;]<\/p>\n","protected":false},"author":55,"featured_media":0,"comment_status":"open","ping_status":"closed","sticky":false,"template":"","format":"standard","meta":{"footnotes":""},"categories":[203,83,59,345,3,47,76],"tags":[],"class_list":["post-101570","post","type-post","status-publish","format-standard","hentry","category-sergio-mello","category-x9-curiosidades","category-escudos","category-fotos-historicas","category-historia-do-futebol","category-rio-de-janeiro","category-antigo-estado-do-rio"],"_links":{"self":[{"href":"https:\/\/historiadofutebol.com\/blog\/index.php?rest_route=\/wp\/v2\/posts\/101570","targetHints":{"allow":["GET"]}}],"collection":[{"href":"https:\/\/historiadofutebol.com\/blog\/index.php?rest_route=\/wp\/v2\/posts"}],"about":[{"href":"https:\/\/historiadofutebol.com\/blog\/index.php?rest_route=\/wp\/v2\/types\/post"}],"author":[{"embeddable":true,"href":"https:\/\/historiadofutebol.com\/blog\/index.php?rest_route=\/wp\/v2\/users\/55"}],"replies":[{"embeddable":true,"href":"https:\/\/historiadofutebol.com\/blog\/index.php?rest_route=%2Fwp%2Fv2%2Fcomments&post=101570"}],"version-history":[{"count":6,"href":"https:\/\/historiadofutebol.com\/blog\/index.php?rest_route=\/wp\/v2\/posts\/101570\/revisions"}],"predecessor-version":[{"id":101575,"href":"https:\/\/historiadofutebol.com\/blog\/index.php?rest_route=\/wp\/v2\/posts\/101570\/revisions\/101575"}],"wp:attachment":[{"href":"https:\/\/historiadofutebol.com\/blog\/index.php?rest_route=%2Fwp%2Fv2%2Fmedia&parent=101570"}],"wp:term":[{"taxonomy":"category","embeddable":true,"href":"https:\/\/historiadofutebol.com\/blog\/index.php?rest_route=%2Fwp%2Fv2%2Fcategories&post=101570"},{"taxonomy":"post_tag","embeddable":true,"href":"https:\/\/historiadofutebol.com\/blog\/index.php?rest_route=%2Fwp%2Fv2%2Ftags&post=101570"}],"curies":[{"name":"wp","href":"https:\/\/api.w.org\/{rel}","templated":true}]}}