{"id":101325,"date":"2017-02-13T19:31:32","date_gmt":"2017-02-13T21:31:32","guid":{"rendered":"https:\/\/historiadofutebol.com\/blog\/?p=101325"},"modified":"2017-02-16T13:53:22","modified_gmt":"2017-02-16T15:53:22","slug":"esporte-clube-brasil-brasil-do-baixo-grande-sao-pedro-da-aldeia-rj-fundado-em-1943","status":"publish","type":"post","link":"https:\/\/historiadofutebol.com\/blog\/?p=101325","title":{"rendered":"Esporte Clube Brasil (Brasil do Baixo Grande) &#8211; S\u00e3o Pedro da Aldeia (RJ). Fundado em 1943"},"content":{"rendered":"<p><img loading=\"lazy\" decoding=\"async\" class=\"aligncenter size-large wp-image-101326\" title=\"00\" src=\"https:\/\/historiadofutebol.com\/blog\/wp-content\/uploads\/2017\/02\/0030-500x317.jpg\" alt=\"\" width=\"500\" height=\"317\" srcset=\"https:\/\/historiadofutebol.com\/blog\/wp-content\/uploads\/2017\/02\/0030-500x317.jpg 500w, https:\/\/historiadofutebol.com\/blog\/wp-content\/uploads\/2017\/02\/0030-300x190.jpg 300w, https:\/\/historiadofutebol.com\/blog\/wp-content\/uploads\/2017\/02\/0030.jpg 1000w\" sizes=\"auto, (max-width: 500px) 100vw, 500px\" \/><\/p>\n<p>O <strong>Esporte Clube Brasil <em>(Brasil do Baixo Grande) <\/em><\/strong>\u00e9 uma agremia\u00e7\u00e3o da cidade de S\u00e3o Pedro da Aldeia (RJ). <strong>Fundado em 1943<\/strong>, a sua <strong><em>Sede<\/em><\/strong> fica localizada na <em>Rua Am\u00e9lio Soares dos Santos, em frente ao n\u00ba 17 &#8211; Baixo Grande &#8211; S\u00e3o Pedro da Aldeia\u00a0<\/em>.<\/p>\n<p>O tradicional <strong><em>Brasil do Baixo Grande<\/em><\/strong> \u00a0foi campe\u00e3o do <strong><em>Campeonato Citadino de S\u00e3o Pedro da Aldeia em 1963<\/em><\/strong>. Em <strong><em>1965<\/em><\/strong>, dividiu o t\u00edtulo do <strong><em>Campeonato Citadino de Cabo Frio<\/em><\/strong>\u00a0com o <strong><em>Tamoyo<\/em><\/strong>.<\/p>\n<p><img loading=\"lazy\" decoding=\"async\" class=\"aligncenter size-full wp-image-101327\" title=\"16754478_10208615108595448_665068693_n\" src=\"https:\/\/historiadofutebol.com\/blog\/wp-content\/uploads\/2017\/02\/16754478_10208615108595448_665068693_n.jpg\" alt=\"\" width=\"960\" height=\"720\" srcset=\"https:\/\/historiadofutebol.com\/blog\/wp-content\/uploads\/2017\/02\/16754478_10208615108595448_665068693_n.jpg 960w, https:\/\/historiadofutebol.com\/blog\/wp-content\/uploads\/2017\/02\/16754478_10208615108595448_665068693_n-300x225.jpg 300w, https:\/\/historiadofutebol.com\/blog\/wp-content\/uploads\/2017\/02\/16754478_10208615108595448_665068693_n-500x375.jpg 500w\" sizes=\"auto, (max-width: 960px) 100vw, 960px\" \/><\/p>\n<p>O motivo pelo qual o <strong><em>Brasil do Baixo Grande<\/em><\/strong> participou de algumas edi\u00e7\u00f5es do <strong><em>Campeonato de Cabo Frio<\/em><\/strong> \u00e9 pela proximidade. Ou seja: os bairros de <em>Baixo Grande e Porto do Carro<\/em> est\u00e3o muito mais perto de <em>Cabo Frio<\/em> do que do centro de <em>S\u00e3o Pedro da Aldeia<\/em>.<\/p>\n<p>Por isso, os clubes desses bairros sempre se dividiram entre os dois munic\u00edpios. Al\u00e9m disso, a <strong><em>Liga de <\/em><\/strong><strong><em>S\u00e3o Pedro da Aldeia<\/em><\/strong> s\u00f3 surgiu em 1953. Antes, os clubes de <em>S\u00e3o Pedro da Aldeia<\/em> como: <strong><em>Palmeiras<\/em><\/strong>, <strong><em>Villa Fonseca<\/em><\/strong>, <strong><em>Uni\u00e3o<\/em><\/strong>, <strong><em>S\u00e3o Pedro Esporte Clube<\/em><\/strong>, <strong><em>Brasil<\/em><\/strong>, <strong><em>Estado Novo, disputavam o Campeonato Citadino de Cabo Frio.<\/em><\/strong><\/p>\n<div id=\"attachment_101328\" style=\"width: 490px\" class=\"wp-caption aligncenter\"><img loading=\"lazy\" decoding=\"async\" aria-describedby=\"caption-attachment-101328\" class=\"size-full wp-image-101328\" title=\"13256023_954667927981233_5677243143099877723_n\" src=\"https:\/\/historiadofutebol.com\/blog\/wp-content\/uploads\/2017\/02\/13256023_954667927981233_5677243143099877723_n.png\" alt=\"\" width=\"480\" height=\"336\" srcset=\"https:\/\/historiadofutebol.com\/blog\/wp-content\/uploads\/2017\/02\/13256023_954667927981233_5677243143099877723_n.png 480w, https:\/\/historiadofutebol.com\/blog\/wp-content\/uploads\/2017\/02\/13256023_954667927981233_5677243143099877723_n-300x210.png 300w\" sizes=\"auto, (max-width: 480px) 100vw, 480px\" \/><p id=\"caption-attachment-101328\" class=\"wp-caption-text\">Foto de 1953, da Sede do Brasil do Baixo Grande. No cume do telhado \u00e9 poss\u00edvel ver o alto-falante.<\/p><\/div>\n<p>&nbsp;<\/p>\n<p><strong><em>FONTE &amp; FOTOS:<\/em><\/strong> <em>P\u00e1gina no Facebook &#8220;Se Essa Aldeia Fosse Nossa&#8221; &#8211; <\/em><em>Jos\u00e9 Francisco de Moura, Chic\u00e3o \u00a0<\/em><\/p>\n","protected":false},"excerpt":{"rendered":"<p>O Esporte Clube Brasil (Brasil do Baixo Grande) \u00e9 uma agremia\u00e7\u00e3o da cidade de S\u00e3o Pedro da Aldeia (RJ). Fundado em 1943, a sua Sede fica localizada na Rua Am\u00e9lio Soares dos Santos, em frente ao n\u00ba 17 &#8211; Baixo Grande &#8211; S\u00e3o Pedro da Aldeia\u00a0. O tradicional Brasil do Baixo Grande \u00a0foi campe\u00e3o do [&hellip;]<\/p>\n","protected":false},"author":55,"featured_media":0,"comment_status":"open","ping_status":"closed","sticky":false,"template":"","format":"standard","meta":{"footnotes":""},"categories":[203,531,83,345,3,47,76],"tags":[],"class_list":["post-101325","post","type-post","status-publish","format-standard","hentry","category-sergio-mello","category-carencias","category-x9-curiosidades","category-fotos-historicas","category-historia-do-futebol","category-rio-de-janeiro","category-antigo-estado-do-rio"],"_links":{"self":[{"href":"https:\/\/historiadofutebol.com\/blog\/index.php?rest_route=\/wp\/v2\/posts\/101325","targetHints":{"allow":["GET"]}}],"collection":[{"href":"https:\/\/historiadofutebol.com\/blog\/index.php?rest_route=\/wp\/v2\/posts"}],"about":[{"href":"https:\/\/historiadofutebol.com\/blog\/index.php?rest_route=\/wp\/v2\/types\/post"}],"author":[{"embeddable":true,"href":"https:\/\/historiadofutebol.com\/blog\/index.php?rest_route=\/wp\/v2\/users\/55"}],"replies":[{"embeddable":true,"href":"https:\/\/historiadofutebol.com\/blog\/index.php?rest_route=%2Fwp%2Fv2%2Fcomments&post=101325"}],"version-history":[{"count":7,"href":"https:\/\/historiadofutebol.com\/blog\/index.php?rest_route=\/wp\/v2\/posts\/101325\/revisions"}],"predecessor-version":[{"id":101331,"href":"https:\/\/historiadofutebol.com\/blog\/index.php?rest_route=\/wp\/v2\/posts\/101325\/revisions\/101331"}],"wp:attachment":[{"href":"https:\/\/historiadofutebol.com\/blog\/index.php?rest_route=%2Fwp%2Fv2%2Fmedia&parent=101325"}],"wp:term":[{"taxonomy":"category","embeddable":true,"href":"https:\/\/historiadofutebol.com\/blog\/index.php?rest_route=%2Fwp%2Fv2%2Fcategories&post=101325"},{"taxonomy":"post_tag","embeddable":true,"href":"https:\/\/historiadofutebol.com\/blog\/index.php?rest_route=%2Fwp%2Fv2%2Ftags&post=101325"}],"curies":[{"name":"wp","href":"https:\/\/api.w.org\/{rel}","templated":true}]}}