{"id":101123,"date":"2017-02-09T19:29:47","date_gmt":"2017-02-09T21:29:47","guid":{"rendered":"https:\/\/historiadofutebol.com\/blog\/?p=101123"},"modified":"2017-02-09T22:34:32","modified_gmt":"2017-02-10T00:34:32","slug":"foto-rara-de-1969-associacao-atletica-cabofriense-%e2%80%93-cabo-frio-rj","status":"publish","type":"post","link":"https:\/\/historiadofutebol.com\/blog\/?p=101123","title":{"rendered":"Associa\u00e7\u00e3o Atl\u00e9tica Cabofriense \u2013 Cabo Frio (RJ): Estreia na Elite do futebol Carioca de 1987"},"content":{"rendered":"<p><img loading=\"lazy\" decoding=\"async\" class=\"aligncenter size-large wp-image-101133\" title=\"08\" src=\"https:\/\/historiadofutebol.com\/blog\/wp-content\/uploads\/2017\/02\/081-500x321.jpg\" alt=\"\" width=\"500\" height=\"321\" srcset=\"https:\/\/historiadofutebol.com\/blog\/wp-content\/uploads\/2017\/02\/081-500x321.jpg 500w, https:\/\/historiadofutebol.com\/blog\/wp-content\/uploads\/2017\/02\/081-300x192.jpg 300w, https:\/\/historiadofutebol.com\/blog\/wp-content\/uploads\/2017\/02\/081.jpg 970w\" sizes=\"auto, (max-width: 500px) 100vw, 500px\" \/><\/p>\n<p>Nesta <strong>foto<\/strong> <strong><em>(abaixo)<\/em><\/strong>, a <strong><em>Associa\u00e7\u00e3o Atl\u00e9tica Cabofriense<\/em><\/strong> debutando no <strong><em>Campeonato Carioca da 1\u00aa Divis\u00e3o de 1987<\/em><\/strong>. No 1\u00ba Turno, a <strong><em>equipe de Cabo Frio<\/em><\/strong> terminou na <em>pen\u00faltima coloca\u00e7\u00e3o<\/em>. No Returno, a <strong><em>Cabofriense<\/em><\/strong> fez uma campanha melhor e fechou na <em>7\u00aa coloca\u00e7\u00e3o<\/em>. Na classifica\u00e7\u00e3o final, a <strong><em>Cabofriense<\/em><\/strong> terminou na <em>10\u00aa coloca\u00e7\u00e3o com 20 pontos<\/em>. <em>Foram 26 jogos, com seis vit\u00f3rias, oito empates e 12 derrotas; marcando 23 gols e sofrendo 39; saldo negativo de 16<\/em>.<\/p>\n<p><img loading=\"lazy\" decoding=\"async\" class=\"aligncenter size-full wp-image-101129\" title=\"09\" src=\"https:\/\/historiadofutebol.com\/blog\/wp-content\/uploads\/2017\/02\/092.jpg\" alt=\"\" width=\"960\" height=\"576\" srcset=\"https:\/\/historiadofutebol.com\/blog\/wp-content\/uploads\/2017\/02\/092.jpg 960w, https:\/\/historiadofutebol.com\/blog\/wp-content\/uploads\/2017\/02\/092-300x180.jpg 300w, https:\/\/historiadofutebol.com\/blog\/wp-content\/uploads\/2017\/02\/092-500x300.jpg 500w\" sizes=\"auto, (max-width: 960px) 100vw, 960px\" \/><\/p>\n<p><strong><em>FONTES:<\/em><\/strong><em> Arquivo pessoal &#8211; Wikip\u00e9dia<\/em><\/p>\n<p><em><strong>FOTO:<\/strong>\u00a0Acervo de\u00a0Marcel\u00e3o, Marcelo Santos, ex-goleiro da Cabofriense<\/em><\/p>\n<div><em><strong><br \/>\n<\/strong><\/em><\/div>\n","protected":false},"excerpt":{"rendered":"<p>Nesta foto (abaixo), a Associa\u00e7\u00e3o Atl\u00e9tica Cabofriense debutando no Campeonato Carioca da 1\u00aa Divis\u00e3o de 1987. No 1\u00ba Turno, a equipe de Cabo Frio terminou na pen\u00faltima coloca\u00e7\u00e3o. No Returno, a Cabofriense fez uma campanha melhor e fechou na 7\u00aa coloca\u00e7\u00e3o. Na classifica\u00e7\u00e3o final, a Cabofriense terminou na 10\u00aa coloca\u00e7\u00e3o com 20 pontos. Foram 26 [&hellip;]<\/p>\n","protected":false},"author":55,"featured_media":0,"comment_status":"open","ping_status":"closed","sticky":false,"template":"","format":"standard","meta":{"footnotes":""},"categories":[203,83,59,345,3,47,76],"tags":[],"class_list":["post-101123","post","type-post","status-publish","format-standard","hentry","category-sergio-mello","category-x9-curiosidades","category-escudos","category-fotos-historicas","category-historia-do-futebol","category-rio-de-janeiro","category-antigo-estado-do-rio"],"_links":{"self":[{"href":"https:\/\/historiadofutebol.com\/blog\/index.php?rest_route=\/wp\/v2\/posts\/101123","targetHints":{"allow":["GET"]}}],"collection":[{"href":"https:\/\/historiadofutebol.com\/blog\/index.php?rest_route=\/wp\/v2\/posts"}],"about":[{"href":"https:\/\/historiadofutebol.com\/blog\/index.php?rest_route=\/wp\/v2\/types\/post"}],"author":[{"embeddable":true,"href":"https:\/\/historiadofutebol.com\/blog\/index.php?rest_route=\/wp\/v2\/users\/55"}],"replies":[{"embeddable":true,"href":"https:\/\/historiadofutebol.com\/blog\/index.php?rest_route=%2Fwp%2Fv2%2Fcomments&post=101123"}],"version-history":[{"count":6,"href":"https:\/\/historiadofutebol.com\/blog\/index.php?rest_route=\/wp\/v2\/posts\/101123\/revisions"}],"predecessor-version":[{"id":101134,"href":"https:\/\/historiadofutebol.com\/blog\/index.php?rest_route=\/wp\/v2\/posts\/101123\/revisions\/101134"}],"wp:attachment":[{"href":"https:\/\/historiadofutebol.com\/blog\/index.php?rest_route=%2Fwp%2Fv2%2Fmedia&parent=101123"}],"wp:term":[{"taxonomy":"category","embeddable":true,"href":"https:\/\/historiadofutebol.com\/blog\/index.php?rest_route=%2Fwp%2Fv2%2Fcategories&post=101123"},{"taxonomy":"post_tag","embeddable":true,"href":"https:\/\/historiadofutebol.com\/blog\/index.php?rest_route=%2Fwp%2Fv2%2Ftags&post=101123"}],"curies":[{"name":"wp","href":"https:\/\/api.w.org\/{rel}","templated":true}]}}